{"id":9766,"date":"2025-03-12T11:08:45","date_gmt":"2025-03-12T11:08:45","guid":{"rendered":"https:\/\/neu.progresuisse.cyon.site\/la-suisse-de-demain-les-negociations-expliquees-immigration-et-libre-circulation-des-personnes\/"},"modified":"2025-09-02T13:39:13","modified_gmt":"2025-09-02T13:39:13","slug":"la-suisse-de-demain-les-negociations-expliquees-immigration-et-libre-circulation-des-personnes","status":"publish","type":"post","link":"https:\/\/progresuisse.ch\/fr\/la-suisse-de-demain-les-negociations-expliquees-immigration-et-libre-circulation-des-personnes\/","title":{"rendered":"\u00ab La Suisse de demain : les n\u00e9gociations expliqu\u00e9es \u00bb"},"content":{"rendered":"<div class=\"fusion-fullwidth fullwidth-box fusion-builder-row-1 fusion-flex-container has-pattern-background has-mask-background print nonhundred-percent-fullwidth non-hundred-percent-height-scrolling\" style=\"--awb-border-radius-top-left:0px;--awb-border-radius-top-right:0px;--awb-border-radius-bottom-right:0px;--awb-border-radius-bottom-left:0px;--awb-padding-top:70px;--awb-padding-bottom:70px;--awb-background-color:var(--awb-color3);--awb-flex-wrap:wrap;\" ><div class=\"fusion-builder-row fusion-row fusion-flex-align-items-stretch fusion-flex-content-wrap\" style=\"max-width:1300px;margin-left: calc(-4% \/ 2 );margin-right: calc(-4% \/ 2 );\"><div class=\"fusion-layout-column fusion_builder_column fusion-builder-column-0 fusion_builder_column_1_6 1_6 fusion-flex-column\" style=\"--awb-bg-size:cover;--awb-width-large:16.666666666667%;--awb-margin-top-large:0px;--awb-spacing-right-large:11.52%;--awb-margin-bottom-large:20px;--awb-spacing-left-large:11.52%;--awb-width-medium:16.666666666667%;--awb-order-medium:0;--awb-spacing-right-medium:11.52%;--awb-spacing-left-medium:11.52%;--awb-width-small:100%;--awb-order-small:0;--awb-spacing-right-small:1.92%;--awb-spacing-left-small:1.92%;\"><div class=\"fusion-column-wrapper fusion-column-has-shadow fusion-flex-justify-content-flex-start fusion-content-layout-column\"><div ><a class=\"fusion-button button-flat fusion-button-default-size button-default fusion-button-default button-1 fusion-button-default-span fusion-button-default-type\" style=\"--button_margin-top:20px;\" target=\"_self\" href=\"https:\/\/progresuisse.ch\/wp-content\/uploads\/2025\/09\/20250312_La-Suisse-de-demain-les-negociations-expliquees.pdf\"><span class=\"fusion-button-text awb-button__text awb-button__text--default\">PDF<\/span><\/a><\/div><\/div><\/div><div class=\"fusion-layout-column fusion_builder_column fusion-builder-column-1 fusion_builder_column_2_3 2_3 fusion-flex-column\" style=\"--awb-bg-size:cover;--awb-width-large:66.666666666667%;--awb-margin-top-large:0px;--awb-spacing-right-large:2.88%;--awb-margin-bottom-large:51px;--awb-spacing-left-large:2.88%;--awb-width-medium:66.666666666667%;--awb-order-medium:0;--awb-spacing-right-medium:2.88%;--awb-spacing-left-medium:2.88%;--awb-width-small:100%;--awb-order-small:0;--awb-spacing-right-small:1.92%;--awb-spacing-left-small:1.92%;\"><div class=\"fusion-column-wrapper fusion-column-has-shadow fusion-flex-justify-content-flex-start fusion-content-layout-column\"><div class=\"fusion-title title fusion-title-1 fusion-sep-none fusion-title-text fusion-title-size-paragraph\" style=\"--awb-font-size:var(--awb-custom_typography_1-font-size);\"><p class=\"fusion-title-heading title-heading-left title-heading-tag fusion-responsive-typography-calculated\" style=\"font-family:var(--awb-custom_typography_1-font-family);font-weight:var(--awb-custom_typography_1-font-weight);font-style:var(--awb-custom_typography_1-font-style);margin:0;font-size:1em;letter-spacing:var(--awb-custom_typography_1-letter-spacing);text-transform:var(--awb-custom_typography_1-text-transform);--fontSize:24;line-height:1.33;\">Les r\u00e9centes n\u00e9gociations entre la Suisse et l\u2019Union europ\u00e9enne sur la Directive relative \u00e0 la libre circulation des citoyens de l\u2019UE marquent une avanc\u00e9e significative dans le d\u00e9veloppement de la voie bilat\u00e9rale.<\/p><\/div><\/div><\/div><div class=\"fusion-layout-column fusion_builder_column fusion-builder-column-2 fusion_builder_column_1_6 1_6 fusion-flex-column\" style=\"--awb-bg-size:cover;--awb-width-large:16.666666666667%;--awb-margin-top-large:0px;--awb-spacing-right-large:11.52%;--awb-margin-bottom-large:20px;--awb-spacing-left-large:11.52%;--awb-width-medium:16.666666666667%;--awb-order-medium:0;--awb-spacing-right-medium:11.52%;--awb-spacing-left-medium:11.52%;--awb-width-small:100%;--awb-order-small:0;--awb-spacing-right-small:1.92%;--awb-spacing-left-small:1.92%;\"><div class=\"fusion-column-wrapper fusion-column-has-shadow fusion-flex-justify-content-flex-start fusion-content-layout-column\"><\/div><\/div><div class=\"fusion-layout-column fusion_builder_column fusion-builder-column-3 fusion_builder_column_1_5 1_5 fusion-flex-column\" style=\"--awb-bg-size:cover;--awb-width-large:20%;--awb-margin-top-large:0px;--awb-spacing-right-large:9.6%;--awb-margin-bottom-large:20px;--awb-spacing-left-large:9.6%;--awb-width-medium:20%;--awb-order-medium:0;--awb-spacing-right-medium:9.6%;--awb-spacing-left-medium:9.6%;--awb-width-small:100%;--awb-order-small:0;--awb-spacing-right-small:1.92%;--awb-spacing-left-small:1.92%;\"><div class=\"fusion-column-wrapper fusion-column-has-shadow fusion-flex-justify-content-flex-start fusion-content-layout-column\"><\/div><\/div><div class=\"fusion-layout-column fusion_builder_column fusion-builder-column-4 fusion_builder_column_3_5 3_5 fusion-flex-column\" style=\"--awb-bg-size:cover;--awb-width-large:60%;--awb-margin-top-large:0px;--awb-spacing-right-large:3.2%;--awb-margin-bottom-large:70px;--awb-spacing-left-large:16.16%;--awb-width-medium:60%;--awb-order-medium:0;--awb-spacing-right-medium:3.2%;--awb-spacing-left-medium:16.16%;--awb-width-small:100%;--awb-order-small:0;--awb-spacing-right-small:1.92%;--awb-spacing-left-small:1.92%;\"><div class=\"fusion-column-wrapper fusion-column-has-shadow fusion-flex-justify-content-flex-start fusion-content-layout-column\"><div class=\"fusion-text fusion-text-1\" style=\"--awb-font-size:18px;--awb-line-height:26px;--awb-text-color:var(--awb-color2);\"><p>La Suisse est parvenue \u00e0 faire entendre ses r\u00e9alit\u00e9s \u00e9conomiques et sociales, tout en pr\u00e9servant sa souverainet\u00e9 en mati\u00e8re de migration et de protection sociale. L\u2019int\u00e9gration de cette directive dans l\u2019Accord sur la libre circulation des personnes (ALCP) se fera donc avec des garanties sp\u00e9cifiques, garantissant un \u00e9quilibre entre ouverture et contr\u00f4le. <\/p>\n<p>L\u2019un des principaux acquis de ces n\u00e9gociations est la possibilit\u00e9 pour la Suisse de maintenir une immigration orient\u00e9e vers le march\u00e9 du travail. Les crit\u00e8res d\u2019obtention d\u2019un droit de s\u00e9jour permanent sont renforc\u00e9s : seuls les citoyens de l\u2019UE exer\u00e7ant une activit\u00e9 \u00e9conomique pourront y pr\u00e9tendre apr\u00e8s cinq ans, \u00e9vitant ainsi un acc\u00e8s automatique aux prestations sociales. Par ailleurs, la Suisse conserve le droit d\u2019expulser les criminels \u00e9trangers selon ses propres r\u00e8gles constitutionnelles, sans \u00eatre contrainte par des normes europ\u00e9ennes plus souples.   <\/p>\n<p>En parall\u00e8le, la protection des conditions de travail et des salaires reste une priorit\u00e9. Les m\u00e9canismes existants pour pr\u00e9venir le dumping salarial et encadrer les prestations de services de courte dur\u00e9e sont maintenus. Une clause de sauvegarde a \u00e9galement \u00e9t\u00e9 introduite, permettant \u00e0 la Suisse d\u2019adopter des mesures correctives en cas d\u2019impact n\u00e9gatif sur l\u2019\u00e9conomie ou les infrastructures sociales.  <\/p>\n<p>Ces ajustements d\u00e9montrent que la voie bilat\u00e9rale continue d\u2019\u00e9voluer dans un cadre qui prot\u00e8ge les int\u00e9r\u00eats suisses. Ce compromis offre ainsi \u00e0 la Suisse une flexibilit\u00e9 pr\u00e9cieuse : b\u00e9n\u00e9ficier des avantages de la libre circulation tout en gardant des instruments de contr\u00f4le efficaces. Un pas de plus vers une relation \u00e9quilibr\u00e9e et durable avec l\u2019UE.  <\/p>\n<p><i>Paru dans la newsletter de progresuisse du 12 mars 2025<\/i><\/p>\n<\/div><\/div><\/div><div class=\"fusion-layout-column fusion_builder_column fusion-builder-column-5 fusion_builder_column_1_5 1_5 fusion-flex-column\" style=\"--awb-bg-size:cover;--awb-width-large:20%;--awb-margin-top-large:0px;--awb-spacing-right-large:9.6%;--awb-margin-bottom-large:20px;--awb-spacing-left-large:9.6%;--awb-width-medium:20%;--awb-order-medium:0;--awb-spacing-right-medium:9.6%;--awb-spacing-left-medium:9.6%;--awb-width-small:100%;--awb-order-small:0;--awb-spacing-right-small:1.92%;--awb-spacing-left-small:1.92%;\"><div class=\"fusion-column-wrapper fusion-column-has-shadow fusion-flex-justify-content-flex-start fusion-content-layout-column\"><\/div><\/div><\/div><\/div>\n","protected":false},"excerpt":{"rendered":"","protected":false},"author":1,"featured_media":0,"comment_status":"closed","ping_status":"open","sticky":false,"template":"","format":"standard","meta":{"_acf_changed":false,"footnotes":""},"categories":[25],"tags":[],"class_list":["post-9766","post","type-post","status-publish","format-standard","hentry","category-allgemein-fr"],"acf":[],"yoast_head":"<!-- This site is optimized with the Yoast SEO plugin v25.3 - https:\/\/yoast.com\/wordpress\/plugins\/seo\/ -->\n<title>\u00ab La Suisse de demain : les n\u00e9gociations expliqu\u00e9es \u00bb | Progresuisse<\/title>\n<meta name=\"robots\" content=\"index, follow, max-snippet:-1, max-image-preview:large, max-video-preview:-1\" \/>\n<link rel=\"canonical\" href=\"https:\/\/progresuisse.ch\/fr\/la-suisse-de-demain-les-negociations-expliquees-immigration-et-libre-circulation-des-personnes\/\" \/>\n<meta property=\"og:locale\" content=\"fr_FR\" \/>\n<meta property=\"og:type\" content=\"article\" \/>\n<meta property=\"og:title\" content=\"\u00ab La Suisse de demain : les n\u00e9gociations expliqu\u00e9es \u00bb | Progresuisse\" \/>\n<meta property=\"og:url\" content=\"https:\/\/progresuisse.ch\/fr\/la-suisse-de-demain-les-negociations-expliquees-immigration-et-libre-circulation-des-personnes\/\" \/>\n<meta property=\"og:site_name\" content=\"Progresuisse\" \/>\n<meta property=\"article:published_time\" content=\"2025-03-12T11:08:45+00:00\" \/>\n<meta property=\"article:modified_time\" content=\"2025-09-02T13:39:13+00:00\" \/>\n<meta name=\"author\" content=\"lby6q\" \/>\n<meta name=\"twitter:card\" content=\"summary_large_image\" \/>\n<meta name=\"twitter:creator\" content=\"@progresuisse\" \/>\n<meta name=\"twitter:site\" content=\"@progresuisse\" \/>\n<meta name=\"twitter:label1\" content=\"\u00c9crit par\" \/>\n\t<meta name=\"twitter:data1\" content=\"lby6q\" \/>\n\t<meta name=\"twitter:label2\" content=\"Dur\u00e9e de lecture estim\u00e9e\" \/>\n\t<meta name=\"twitter:data2\" content=\"13 minutes\" \/>\n<script type=\"application\/ld+json\" class=\"yoast-schema-graph\">{\"@context\":\"https:\/\/schema.org\",\"@graph\":[{\"@type\":\"Article\",\"@id\":\"https:\/\/progresuisse.ch\/fr\/la-suisse-de-demain-les-negociations-expliquees-immigration-et-libre-circulation-des-personnes\/#article\",\"isPartOf\":{\"@id\":\"https:\/\/progresuisse.ch\/fr\/la-suisse-de-demain-les-negociations-expliquees-immigration-et-libre-circulation-des-personnes\/\"},\"author\":{\"name\":\"lby6q\",\"@id\":\"https:\/\/progresuisse.ch\/fr\/#\/schema\/person\/96b8c0bb32f88db4089e426a59d593d0\"},\"headline\":\"\u00ab La Suisse de demain : les n\u00e9gociations expliqu\u00e9es \u00bb\",\"datePublished\":\"2025-03-12T11:08:45+00:00\",\"dateModified\":\"2025-09-02T13:39:13+00:00\",\"mainEntityOfPage\":{\"@id\":\"https:\/\/progresuisse.ch\/fr\/la-suisse-de-demain-les-negociations-expliquees-immigration-et-libre-circulation-des-personnes\/\"},\"wordCount\":2663,\"publisher\":{\"@id\":\"https:\/\/progresuisse.ch\/fr\/#organization\"},\"articleSection\":[\"Allgemein\"],\"inLanguage\":\"fr-FR\"},{\"@type\":\"WebPage\",\"@id\":\"https:\/\/progresuisse.ch\/fr\/la-suisse-de-demain-les-negociations-expliquees-immigration-et-libre-circulation-des-personnes\/\",\"url\":\"https:\/\/progresuisse.ch\/fr\/la-suisse-de-demain-les-negociations-expliquees-immigration-et-libre-circulation-des-personnes\/\",\"name\":\"\u00ab La Suisse de demain : les n\u00e9gociations expliqu\u00e9es \u00bb | Progresuisse\",\"isPartOf\":{\"@id\":\"https:\/\/progresuisse.ch\/fr\/#website\"},\"datePublished\":\"2025-03-12T11:08:45+00:00\",\"dateModified\":\"2025-09-02T13:39:13+00:00\",\"breadcrumb\":{\"@id\":\"https:\/\/progresuisse.ch\/fr\/la-suisse-de-demain-les-negociations-expliquees-immigration-et-libre-circulation-des-personnes\/#breadcrumb\"},\"inLanguage\":\"fr-FR\",\"potentialAction\":[{\"@type\":\"ReadAction\",\"target\":[\"https:\/\/progresuisse.ch\/fr\/la-suisse-de-demain-les-negociations-expliquees-immigration-et-libre-circulation-des-personnes\/\"]}]},{\"@type\":\"BreadcrumbList\",\"@id\":\"https:\/\/progresuisse.ch\/fr\/la-suisse-de-demain-les-negociations-expliquees-immigration-et-libre-circulation-des-personnes\/#breadcrumb\",\"itemListElement\":[{\"@type\":\"ListItem\",\"position\":1,\"name\":\"Startseite\",\"item\":\"https:\/\/progresuisse.ch\/fr\/page-daccueil\/\"},{\"@type\":\"ListItem\",\"position\":2,\"name\":\"\u00ab La Suisse de demain : les n\u00e9gociations expliqu\u00e9es \u00bb\"}]},{\"@type\":\"WebSite\",\"@id\":\"https:\/\/progresuisse.ch\/fr\/#website\",\"url\":\"https:\/\/progresuisse.ch\/fr\/\",\"name\":\"Progresuisse\",\"description\":\"Wohlstand. Sicherheit. Kontinuit\u00e4t.\",\"publisher\":{\"@id\":\"https:\/\/progresuisse.ch\/fr\/#organization\"},\"potentialAction\":[{\"@type\":\"SearchAction\",\"target\":{\"@type\":\"EntryPoint\",\"urlTemplate\":\"https:\/\/progresuisse.ch\/fr\/?s={search_term_string}\"},\"query-input\":{\"@type\":\"PropertyValueSpecification\",\"valueRequired\":true,\"valueName\":\"search_term_string\"}}],\"inLanguage\":\"fr-FR\"},{\"@type\":\"Organization\",\"@id\":\"https:\/\/progresuisse.ch\/fr\/#organization\",\"name\":\"Progresuisse\",\"url\":\"https:\/\/progresuisse.ch\/fr\/\",\"logo\":{\"@type\":\"ImageObject\",\"inLanguage\":\"fr-FR\",\"@id\":\"https:\/\/progresuisse.ch\/fr\/#\/schema\/logo\/image\/\",\"url\":\"https:\/\/progresuisse.ch\/wp-content\/uploads\/2025\/05\/Logo.svg\",\"contentUrl\":\"https:\/\/progresuisse.ch\/wp-content\/uploads\/2025\/05\/Logo.svg\",\"width\":243,\"height\":35,\"caption\":\"Progresuisse\"},\"image\":{\"@id\":\"https:\/\/progresuisse.ch\/fr\/#\/schema\/logo\/image\/\"},\"sameAs\":[\"https:\/\/x.com\/progresuisse\",\"https:\/\/www.linkedin.com\/company\/progresuisse\/\"]},{\"@type\":\"Person\",\"@id\":\"https:\/\/progresuisse.ch\/fr\/#\/schema\/person\/96b8c0bb32f88db4089e426a59d593d0\",\"name\":\"lby6q\",\"image\":{\"@type\":\"ImageObject\",\"inLanguage\":\"fr-FR\",\"@id\":\"https:\/\/progresuisse.ch\/fr\/#\/schema\/person\/image\/\",\"url\":\"https:\/\/secure.gravatar.com\/avatar\/1be1b25b75df1c33d71b9ea28691e0674ba07420522348b5dd21435ad88b1b76?s=96&d=mm&r=g\",\"contentUrl\":\"https:\/\/secure.gravatar.com\/avatar\/1be1b25b75df1c33d71b9ea28691e0674ba07420522348b5dd21435ad88b1b76?s=96&d=mm&r=g\",\"caption\":\"lby6q\"},\"sameAs\":[\"https:\/\/neu.progresuisse.cyon.site\"],\"url\":\"https:\/\/progresuisse.ch\/fr\/author\/lby6q\/\"}]}<\/script>\n<!-- \/ Yoast SEO plugin. -->","yoast_head_json":{"title":"\u00ab La Suisse de demain : les n\u00e9gociations expliqu\u00e9es \u00bb | Progresuisse","robots":{"index":"index","follow":"follow","max-snippet":"max-snippet:-1","max-image-preview":"max-image-preview:large","max-video-preview":"max-video-preview:-1"},"canonical":"https:\/\/progresuisse.ch\/fr\/la-suisse-de-demain-les-negociations-expliquees-immigration-et-libre-circulation-des-personnes\/","og_locale":"fr_FR","og_type":"article","og_title":"\u00ab La Suisse de demain : les n\u00e9gociations expliqu\u00e9es \u00bb | Progresuisse","og_url":"https:\/\/progresuisse.ch\/fr\/la-suisse-de-demain-les-negociations-expliquees-immigration-et-libre-circulation-des-personnes\/","og_site_name":"Progresuisse","article_published_time":"2025-03-12T11:08:45+00:00","article_modified_time":"2025-09-02T13:39:13+00:00","author":"lby6q","twitter_card":"summary_large_image","twitter_creator":"@progresuisse","twitter_site":"@progresuisse","twitter_misc":{"\u00c9crit par":"lby6q","Dur\u00e9e de lecture estim\u00e9e":"13 minutes"},"schema":{"@context":"https:\/\/schema.org","@graph":[{"@type":"Article","@id":"https:\/\/progresuisse.ch\/fr\/la-suisse-de-demain-les-negociations-expliquees-immigration-et-libre-circulation-des-personnes\/#article","isPartOf":{"@id":"https:\/\/progresuisse.ch\/fr\/la-suisse-de-demain-les-negociations-expliquees-immigration-et-libre-circulation-des-personnes\/"},"author":{"name":"lby6q","@id":"https:\/\/progresuisse.ch\/fr\/#\/schema\/person\/96b8c0bb32f88db4089e426a59d593d0"},"headline":"\u00ab La Suisse de demain : les n\u00e9gociations expliqu\u00e9es \u00bb","datePublished":"2025-03-12T11:08:45+00:00","dateModified":"2025-09-02T13:39:13+00:00","mainEntityOfPage":{"@id":"https:\/\/progresuisse.ch\/fr\/la-suisse-de-demain-les-negociations-expliquees-immigration-et-libre-circulation-des-personnes\/"},"wordCount":2663,"publisher":{"@id":"https:\/\/progresuisse.ch\/fr\/#organization"},"articleSection":["Allgemein"],"inLanguage":"fr-FR"},{"@type":"WebPage","@id":"https:\/\/progresuisse.ch\/fr\/la-suisse-de-demain-les-negociations-expliquees-immigration-et-libre-circulation-des-personnes\/","url":"https:\/\/progresuisse.ch\/fr\/la-suisse-de-demain-les-negociations-expliquees-immigration-et-libre-circulation-des-personnes\/","name":"\u00ab La Suisse de demain : les n\u00e9gociations expliqu\u00e9es \u00bb | Progresuisse","isPartOf":{"@id":"https:\/\/progresuisse.ch\/fr\/#website"},"datePublished":"2025-03-12T11:08:45+00:00","dateModified":"2025-09-02T13:39:13+00:00","breadcrumb":{"@id":"https:\/\/progresuisse.ch\/fr\/la-suisse-de-demain-les-negociations-expliquees-immigration-et-libre-circulation-des-personnes\/#breadcrumb"},"inLanguage":"fr-FR","potentialAction":[{"@type":"ReadAction","target":["https:\/\/progresuisse.ch\/fr\/la-suisse-de-demain-les-negociations-expliquees-immigration-et-libre-circulation-des-personnes\/"]}]},{"@type":"BreadcrumbList","@id":"https:\/\/progresuisse.ch\/fr\/la-suisse-de-demain-les-negociations-expliquees-immigration-et-libre-circulation-des-personnes\/#breadcrumb","itemListElement":[{"@type":"ListItem","position":1,"name":"Startseite","item":"https:\/\/progresuisse.ch\/fr\/page-daccueil\/"},{"@type":"ListItem","position":2,"name":"\u00ab La Suisse de demain : les n\u00e9gociations expliqu\u00e9es \u00bb"}]},{"@type":"WebSite","@id":"https:\/\/progresuisse.ch\/fr\/#website","url":"https:\/\/progresuisse.ch\/fr\/","name":"Progresuisse","description":"Wohlstand. Sicherheit. Kontinuit\u00e4t.","publisher":{"@id":"https:\/\/progresuisse.ch\/fr\/#organization"},"potentialAction":[{"@type":"SearchAction","target":{"@type":"EntryPoint","urlTemplate":"https:\/\/progresuisse.ch\/fr\/?s={search_term_string}"},"query-input":{"@type":"PropertyValueSpecification","valueRequired":true,"valueName":"search_term_string"}}],"inLanguage":"fr-FR"},{"@type":"Organization","@id":"https:\/\/progresuisse.ch\/fr\/#organization","name":"Progresuisse","url":"https:\/\/progresuisse.ch\/fr\/","logo":{"@type":"ImageObject","inLanguage":"fr-FR","@id":"https:\/\/progresuisse.ch\/fr\/#\/schema\/logo\/image\/","url":"https:\/\/progresuisse.ch\/wp-content\/uploads\/2025\/05\/Logo.svg","contentUrl":"https:\/\/progresuisse.ch\/wp-content\/uploads\/2025\/05\/Logo.svg","width":243,"height":35,"caption":"Progresuisse"},"image":{"@id":"https:\/\/progresuisse.ch\/fr\/#\/schema\/logo\/image\/"},"sameAs":["https:\/\/x.com\/progresuisse","https:\/\/www.linkedin.com\/company\/progresuisse\/"]},{"@type":"Person","@id":"https:\/\/progresuisse.ch\/fr\/#\/schema\/person\/96b8c0bb32f88db4089e426a59d593d0","name":"lby6q","image":{"@type":"ImageObject","inLanguage":"fr-FR","@id":"https:\/\/progresuisse.ch\/fr\/#\/schema\/person\/image\/","url":"https:\/\/secure.gravatar.com\/avatar\/1be1b25b75df1c33d71b9ea28691e0674ba07420522348b5dd21435ad88b1b76?s=96&d=mm&r=g","contentUrl":"https:\/\/secure.gravatar.com\/avatar\/1be1b25b75df1c33d71b9ea28691e0674ba07420522348b5dd21435ad88b1b76?s=96&d=mm&r=g","caption":"lby6q"},"sameAs":["https:\/\/neu.progresuisse.cyon.site"],"url":"https:\/\/progresuisse.ch\/fr\/author\/lby6q\/"}]}},"_links":{"self":[{"href":"https:\/\/progresuisse.ch\/fr\/wp-json\/wp\/v2\/posts\/9766","targetHints":{"allow":["GET"]}}],"collection":[{"href":"https:\/\/progresuisse.ch\/fr\/wp-json\/wp\/v2\/posts"}],"about":[{"href":"https:\/\/progresuisse.ch\/fr\/wp-json\/wp\/v2\/types\/post"}],"author":[{"embeddable":true,"href":"https:\/\/progresuisse.ch\/fr\/wp-json\/wp\/v2\/users\/1"}],"replies":[{"embeddable":true,"href":"https:\/\/progresuisse.ch\/fr\/wp-json\/wp\/v2\/comments?post=9766"}],"version-history":[{"count":15,"href":"https:\/\/progresuisse.ch\/fr\/wp-json\/wp\/v2\/posts\/9766\/revisions"}],"predecessor-version":[{"id":11583,"href":"https:\/\/progresuisse.ch\/fr\/wp-json\/wp\/v2\/posts\/9766\/revisions\/11583"}],"wp:attachment":[{"href":"https:\/\/progresuisse.ch\/fr\/wp-json\/wp\/v2\/media?parent=9766"}],"wp:term":[{"taxonomy":"category","embeddable":true,"href":"https:\/\/progresuisse.ch\/fr\/wp-json\/wp\/v2\/categories?post=9766"},{"taxonomy":"post_tag","embeddable":true,"href":"https:\/\/progresuisse.ch\/fr\/wp-json\/wp\/v2\/tags?post=9766"}],"curies":[{"name":"wp","href":"https:\/\/api.w.org\/{rel}","templated":true}]}}